{"id":2806,"date":"2018-01-10T20:26:11","date_gmt":"2018-01-10T19:26:11","guid":{"rendered":"https:\/\/tufincasi.com\/?p=2806"},"modified":"2018-01-10T20:30:18","modified_gmt":"2018-01-10T19:30:18","slug":"ipc-marzo-2017","status":"publish","type":"post","link":"https:\/\/tufincasi.com\/en\/ipc-marzo-2017\/","title":{"rendered":"IPC MARZO 2017"},"content":{"rendered":"<p>Adjuntamos IPC General e IPC Vivienda de Alquiler correspondiente al mes de <u>marzo<\/u> que, pueden consultar en la p\u00e1gina web: <a href=\"http:\/\/www.ine.es\/\">http:\/\/www.ine.es<\/a><\/p>\n<p>&nbsp;<\/p>\n<p>Seg\u00fan las estad\u00edsticas oficiales publicadas por el INE referidas a IPC Base 2016 = 100. \u00cdndice general Nacional, los datos correspondientes a la serie y los per\u00edodos que se relacionan, tomando como base el a\u00f1o indicado igual a cien, efectuados en su caso los enlaces y cambios de base correspondientes, son los siguientes:<\/p>\n<p>&nbsp;<\/p>\n<p>&nbsp;<\/p>\n<table>\n<tbody>\n<tr>\n<td width=\"345\">Periodo\u00a0\u00a0\u00a0\u00a0\u00a0\u00a0\u00a0\u00a0\u00a0\u00a0\u00a0\u00a0\u00a0\u00a0\u00a0\u00a0\u00a0\u00a0\u00a0\u00a0\u00a0\u00a0\u00a0\u00a0\u00a0\u00a0\u00a0\u00a0\u00a0\u00a0\u00a0\u00a0\u00a0\u00a0\u00a0\u00a0\u00a0\u00a0\u00a0\u00a0\u00a0\u00a0\u00a0\u00a0\u00a0\u00a0\u00a0\u00a0\u00a0\u00a0\u00a0\u00a0\u00a0 \u00a0Marzo 2015\u00a0\u00a0\u00a0\u00a0\u00a0\u00a0\u00a0\u00a0\u00a0\u00a0\u00a0\u00a0\u00a0 a\u00a0 Marzo 2016<\/td>\n<td width=\"219\">Incremento Relativo %<\/p>\n<p>-0,8<\/td>\n<\/tr>\n<tr>\n<td width=\"345\">Abril 2015\u00a0\u00a0\u00a0\u00a0\u00a0\u00a0\u00a0\u00a0\u00a0\u00a0\u00a0\u00a0\u00a0\u00a0\u00a0 a\u00a0 Abril 2016<\/td>\n<td width=\"219\">-1,1<\/td>\n<\/tr>\n<tr>\n<td width=\"345\">Mayo 2015\u00a0\u00a0\u00a0\u00a0\u00a0\u00a0\u00a0\u00a0\u00a0\u00a0\u00a0\u00a0\u00a0\u00a0 a\u00a0 Mayo 2016<\/td>\n<td width=\"219\">-1,0<\/td>\n<\/tr>\n<tr>\n<td width=\"345\">Junio 2015\u00a0\u00a0\u00a0\u00a0\u00a0\u00a0\u00a0\u00a0\u00a0\u00a0\u00a0\u00a0\u00a0\u00a0\u00a0 a\u00a0 Junio 2016<\/td>\n<td width=\"219\">-0,8<\/td>\n<\/tr>\n<tr>\n<td width=\"345\">Julio 2015\u00a0\u00a0\u00a0\u00a0\u00a0\u00a0\u00a0\u00a0\u00a0\u00a0\u00a0\u00a0\u00a0\u00a0\u00a0 a\u00a0 Julio 2016<\/td>\n<td width=\"219\">-0,6<\/td>\n<\/tr>\n<tr>\n<td width=\"345\">Agosto 2015\u00a0\u00a0\u00a0\u00a0\u00a0\u00a0\u00a0\u00a0\u00a0\u00a0\u00a0\u00a0 a\u00a0 Agosto 2016<\/td>\n<td width=\"219\">-0,1<\/td>\n<\/tr>\n<tr>\n<td width=\"345\">Septiembre 2015\u00a0\u00a0\u00a0\u00a0\u00a0 a\u00a0 Septiembre 2016<\/td>\n<td width=\"219\">0,2<\/td>\n<\/tr>\n<tr>\n<td width=\"345\">Octubre 2015\u00a0\u00a0\u00a0\u00a0\u00a0\u00a0\u00a0\u00a0\u00a0\u00a0 a\u00a0 Octubre 2016<\/td>\n<td width=\"219\">0,7<\/td>\n<\/tr>\n<tr>\n<td width=\"345\">Noviembre 2015\u00a0\u00a0\u00a0\u00a0\u00a0 a\u00a0 Noviembre 2016<\/td>\n<td width=\"219\">0,7<\/td>\n<\/tr>\n<tr>\n<td width=\"345\">Diciembre 2015\u00a0\u00a0\u00a0\u00a0\u00a0\u00a0 a\u00a0 Diciembre 2016<\/td>\n<td width=\"219\">1,6<\/td>\n<\/tr>\n<tr>\n<td width=\"345\">Enero 2016\u00a0\u00a0\u00a0\u00a0\u00a0\u00a0\u00a0\u00a0\u00a0\u00a0\u00a0\u00a0\u00a0\u00a0 a\u00a0 Enero 2017<\/td>\n<td width=\"219\">3,0<\/td>\n<\/tr>\n<tr>\n<td width=\"345\">Febrero 2016\u00a0\u00a0\u00a0\u00a0\u00a0\u00a0\u00a0\u00a0\u00a0\u00a0\u00a0 a\u00a0 Febrero 2017<\/td>\n<td width=\"219\">3.0<\/td>\n<\/tr>\n<tr>\n<td width=\"345\">Marzo 2016\u00a0\u00a0\u00a0\u00a0\u00a0\u00a0\u00a0\u00a0\u00a0\u00a0\u00a0\u00a0\u00a0 a\u00a0 Marzo 2017<\/td>\n<td width=\"219\">2,3<\/td>\n<\/tr>\n<\/tbody>\n<\/table>\n<p>&nbsp;<\/p>","protected":false},"excerpt":{"rendered":"<p>Adjuntamos IPC General e IPC Vivienda de Alquiler correspondiente al mes de marzo que, pueden consultar en la p\u00e1gina web: http:\/\/www.ine.es &nbsp; Seg\u00fan las estad\u00edsticas oficiales publicadas por el INE referidas a IPC Base 2016 = 100. \u00cdndice general Nacional, los datos correspondientes a la serie y los per\u00edodos que se relacionan, tomando como base [&hellip;]<\/p>","protected":false},"author":2,"featured_media":4017,"comment_status":"open","ping_status":"closed","sticky":false,"template":"","format":"standard","meta":{"footnotes":""},"categories":[1],"tags":[],"class_list":["post-2806","post","type-post","status-publish","format-standard","has-post-thumbnail","hentry","category-uncategorized"],"yoast_head":"<!-- This site is optimized with the Yoast SEO plugin v26.5 - https:\/\/yoast.com\/wordpress\/plugins\/seo\/ -->\n<title>IPC MARZO 2017 - Tu Finca servicios inmobiliarios<\/title>\n<meta name=\"robots\" content=\"index, follow, max-snippet:-1, max-image-preview:large, max-video-preview:-1\" \/>\n<link rel=\"canonical\" href=\"https:\/\/tufincasi.com\/en\/ipc-marzo-2017\/\" \/>\n<meta property=\"og:locale\" content=\"en_US\" \/>\n<meta property=\"og:type\" content=\"article\" \/>\n<meta property=\"og:title\" content=\"IPC MARZO 2017 - Tu Finca servicios inmobiliarios\" \/>\n<meta property=\"og:description\" content=\"Adjuntamos IPC General e IPC Vivienda de Alquiler correspondiente al mes de marzo que, pueden consultar en la p\u00e1gina web: http:\/\/www.ine.es &nbsp; Seg\u00fan las estad\u00edsticas oficiales publicadas por el INE referidas a IPC Base 2016 = 100. \u00cdndice general Nacional, los datos correspondientes a la serie y los per\u00edodos que se relacionan, tomando como base [&hellip;]\" \/>\n<meta property=\"og:url\" content=\"https:\/\/tufincasi.com\/en\/ipc-marzo-2017\/\" \/>\n<meta property=\"og:site_name\" content=\"Tu Finca servicios inmobiliarios\" \/>\n<meta property=\"article:published_time\" content=\"2018-01-10T19:26:11+00:00\" \/>\n<meta property=\"article:modified_time\" content=\"2018-01-10T19:30:18+00:00\" \/>\n<meta property=\"og:image\" content=\"https:\/\/tufincasi.com\/wp-content\/uploads\/2018\/01\/ipc.jpg\" \/>\n\t<meta property=\"og:image:width\" content=\"674\" \/>\n\t<meta property=\"og:image:height\" content=\"509\" \/>\n\t<meta property=\"og:image:type\" content=\"image\/jpeg\" \/>\n<meta name=\"author\" content=\"Juan Francisco\" \/>\n<meta name=\"twitter:card\" content=\"summary_large_image\" \/>\n<meta name=\"twitter:label1\" content=\"Written by\" \/>\n\t<meta name=\"twitter:data1\" content=\"Juan Francisco\" \/>\n\t<meta name=\"twitter:label2\" content=\"Est. reading time\" \/>\n\t<meta name=\"twitter:data2\" content=\"1 minute\" \/>\n<script type=\"application\/ld+json\" class=\"yoast-schema-graph\">{\"@context\":\"https:\/\/schema.org\",\"@graph\":[{\"@type\":\"WebPage\",\"@id\":\"https:\/\/tufincasi.com\/ipc-marzo-2017\/\",\"url\":\"https:\/\/tufincasi.com\/ipc-marzo-2017\/\",\"name\":\"IPC MARZO 2017 - Tu Finca servicios inmobiliarios\",\"isPartOf\":{\"@id\":\"https:\/\/tufincasi.com\/#website\"},\"primaryImageOfPage\":{\"@id\":\"https:\/\/tufincasi.com\/ipc-marzo-2017\/#primaryimage\"},\"image\":{\"@id\":\"https:\/\/tufincasi.com\/ipc-marzo-2017\/#primaryimage\"},\"thumbnailUrl\":\"https:\/\/tufincasi.com\/wp-content\/uploads\/2018\/01\/ipc.jpg\",\"datePublished\":\"2018-01-10T19:26:11+00:00\",\"dateModified\":\"2018-01-10T19:30:18+00:00\",\"author\":{\"@id\":\"https:\/\/tufincasi.com\/#\/schema\/person\/a092185205a2160f7ec7faa5acd0e634\"},\"breadcrumb\":{\"@id\":\"https:\/\/tufincasi.com\/ipc-marzo-2017\/#breadcrumb\"},\"inLanguage\":\"en-US\",\"potentialAction\":[{\"@type\":\"ReadAction\",\"target\":[\"https:\/\/tufincasi.com\/ipc-marzo-2017\/\"]}]},{\"@type\":\"ImageObject\",\"inLanguage\":\"en-US\",\"@id\":\"https:\/\/tufincasi.com\/ipc-marzo-2017\/#primaryimage\",\"url\":\"https:\/\/tufincasi.com\/wp-content\/uploads\/2018\/01\/ipc.jpg\",\"contentUrl\":\"https:\/\/tufincasi.com\/wp-content\/uploads\/2018\/01\/ipc.jpg\",\"width\":674,\"height\":509},{\"@type\":\"BreadcrumbList\",\"@id\":\"https:\/\/tufincasi.com\/ipc-marzo-2017\/#breadcrumb\",\"itemListElement\":[{\"@type\":\"ListItem\",\"position\":1,\"name\":\"Portada\",\"item\":\"https:\/\/tufincasi.com\/\"},{\"@type\":\"ListItem\",\"position\":2,\"name\":\"IPC MARZO 2017\"}]},{\"@type\":\"WebSite\",\"@id\":\"https:\/\/tufincasi.com\/#website\",\"url\":\"https:\/\/tufincasi.com\/\",\"name\":\"Tu Finca servicios inmobiliarios\",\"description\":\"Compra venta y alquiler de inmuebles, seguros y administraci\u00f3n de fincas\",\"potentialAction\":[{\"@type\":\"SearchAction\",\"target\":{\"@type\":\"EntryPoint\",\"urlTemplate\":\"https:\/\/tufincasi.com\/?s={search_term_string}\"},\"query-input\":{\"@type\":\"PropertyValueSpecification\",\"valueRequired\":true,\"valueName\":\"search_term_string\"}}],\"inLanguage\":\"en-US\"},{\"@type\":\"Person\",\"@id\":\"https:\/\/tufincasi.com\/#\/schema\/person\/a092185205a2160f7ec7faa5acd0e634\",\"name\":\"Juan Francisco\",\"url\":\"https:\/\/tufincasi.com\/en\/agents\/tufinca1\/\"}]}<\/script>\n<!-- \/ Yoast SEO plugin. -->","yoast_head_json":{"title":"IPC MARZO 2017 - Tu Finca servicios inmobiliarios","robots":{"index":"index","follow":"follow","max-snippet":"max-snippet:-1","max-image-preview":"max-image-preview:large","max-video-preview":"max-video-preview:-1"},"canonical":"https:\/\/tufincasi.com\/en\/ipc-marzo-2017\/","og_locale":"en_US","og_type":"article","og_title":"IPC MARZO 2017 - Tu Finca servicios inmobiliarios","og_description":"Adjuntamos IPC General e IPC Vivienda de Alquiler correspondiente al mes de marzo que, pueden consultar en la p\u00e1gina web: http:\/\/www.ine.es &nbsp; Seg\u00fan las estad\u00edsticas oficiales publicadas por el INE referidas a IPC Base 2016 = 100. \u00cdndice general Nacional, los datos correspondientes a la serie y los per\u00edodos que se relacionan, tomando como base [&hellip;]","og_url":"https:\/\/tufincasi.com\/en\/ipc-marzo-2017\/","og_site_name":"Tu Finca servicios inmobiliarios","article_published_time":"2018-01-10T19:26:11+00:00","article_modified_time":"2018-01-10T19:30:18+00:00","og_image":[{"width":674,"height":509,"url":"https:\/\/tufincasi.com\/wp-content\/uploads\/2018\/01\/ipc.jpg","type":"image\/jpeg"}],"author":"Juan Francisco","twitter_card":"summary_large_image","twitter_misc":{"Written by":"Juan Francisco","Est. reading time":"1 minute"},"schema":{"@context":"https:\/\/schema.org","@graph":[{"@type":"WebPage","@id":"https:\/\/tufincasi.com\/ipc-marzo-2017\/","url":"https:\/\/tufincasi.com\/ipc-marzo-2017\/","name":"IPC MARZO 2017 - Tu Finca servicios inmobiliarios","isPartOf":{"@id":"https:\/\/tufincasi.com\/#website"},"primaryImageOfPage":{"@id":"https:\/\/tufincasi.com\/ipc-marzo-2017\/#primaryimage"},"image":{"@id":"https:\/\/tufincasi.com\/ipc-marzo-2017\/#primaryimage"},"thumbnailUrl":"https:\/\/tufincasi.com\/wp-content\/uploads\/2018\/01\/ipc.jpg","datePublished":"2018-01-10T19:26:11+00:00","dateModified":"2018-01-10T19:30:18+00:00","author":{"@id":"https:\/\/tufincasi.com\/#\/schema\/person\/a092185205a2160f7ec7faa5acd0e634"},"breadcrumb":{"@id":"https:\/\/tufincasi.com\/ipc-marzo-2017\/#breadcrumb"},"inLanguage":"en-US","potentialAction":[{"@type":"ReadAction","target":["https:\/\/tufincasi.com\/ipc-marzo-2017\/"]}]},{"@type":"ImageObject","inLanguage":"en-US","@id":"https:\/\/tufincasi.com\/ipc-marzo-2017\/#primaryimage","url":"https:\/\/tufincasi.com\/wp-content\/uploads\/2018\/01\/ipc.jpg","contentUrl":"https:\/\/tufincasi.com\/wp-content\/uploads\/2018\/01\/ipc.jpg","width":674,"height":509},{"@type":"BreadcrumbList","@id":"https:\/\/tufincasi.com\/ipc-marzo-2017\/#breadcrumb","itemListElement":[{"@type":"ListItem","position":1,"name":"Portada","item":"https:\/\/tufincasi.com\/"},{"@type":"ListItem","position":2,"name":"IPC MARZO 2017"}]},{"@type":"WebSite","@id":"https:\/\/tufincasi.com\/#website","url":"https:\/\/tufincasi.com\/","name":"Tu Finca servicios inmobiliarios","description":"Compra venta y alquiler de inmuebles, seguros y administraci\u00f3n de fincas","potentialAction":[{"@type":"SearchAction","target":{"@type":"EntryPoint","urlTemplate":"https:\/\/tufincasi.com\/?s={search_term_string}"},"query-input":{"@type":"PropertyValueSpecification","valueRequired":true,"valueName":"search_term_string"}}],"inLanguage":"en-US"},{"@type":"Person","@id":"https:\/\/tufincasi.com\/#\/schema\/person\/a092185205a2160f7ec7faa5acd0e634","name":"Juan Francisco","url":"https:\/\/tufincasi.com\/en\/agents\/tufinca1\/"}]}},"_links":{"self":[{"href":"https:\/\/tufincasi.com\/en\/wp-json\/wp\/v2\/posts\/2806","targetHints":{"allow":["GET"]}}],"collection":[{"href":"https:\/\/tufincasi.com\/en\/wp-json\/wp\/v2\/posts"}],"about":[{"href":"https:\/\/tufincasi.com\/en\/wp-json\/wp\/v2\/types\/post"}],"author":[{"embeddable":true,"href":"https:\/\/tufincasi.com\/en\/wp-json\/wp\/v2\/users\/2"}],"replies":[{"embeddable":true,"href":"https:\/\/tufincasi.com\/en\/wp-json\/wp\/v2\/comments?post=2806"}],"version-history":[{"count":1,"href":"https:\/\/tufincasi.com\/en\/wp-json\/wp\/v2\/posts\/2806\/revisions"}],"predecessor-version":[{"id":4016,"href":"https:\/\/tufincasi.com\/en\/wp-json\/wp\/v2\/posts\/2806\/revisions\/4016"}],"wp:featuredmedia":[{"embeddable":true,"href":"https:\/\/tufincasi.com\/en\/wp-json\/wp\/v2\/media\/4017"}],"wp:attachment":[{"href":"https:\/\/tufincasi.com\/en\/wp-json\/wp\/v2\/media?parent=2806"}],"wp:term":[{"taxonomy":"category","embeddable":true,"href":"https:\/\/tufincasi.com\/en\/wp-json\/wp\/v2\/categories?post=2806"},{"taxonomy":"post_tag","embeddable":true,"href":"https:\/\/tufincasi.com\/en\/wp-json\/wp\/v2\/tags?post=2806"}],"curies":[{"name":"wp","href":"https:\/\/api.w.org\/{rel}","templated":true}]}}